{"id":1303,"date":"2021-01-16T02:13:38","date_gmt":"2021-01-16T02:13:38","guid":{"rendered":"http:\/\/www.adeomrocha.com.uy\/?p=1303"},"modified":"2021-01-16T02:19:01","modified_gmt":"2021-01-16T02:19:01","slug":"cerraron-el-municipio-del-chuy-tras-confirmarse-un-caso-positivo-de-coronavirus","status":"publish","type":"post","link":"http:\/\/www.adeomrocha.com.uy\/?p=1303","title":{"rendered":"Cerraron el Municipio del Chuy tras confirmarse un caso positivo de coronavirus"},"content":{"rendered":"\n<p>Este viernes cerraron el Municipio del Chuy tras confirmarse un caso positivo de coronavirus.<\/p>\n\n\n\n<p>Se enviaron a los funcionarios a sus domicilios, se fumigar\u00e1 el municipio y se espera se respeten los protocolos correspondientes, inform\u00f3 Julio &nbsp;Pereyra dirigente sindical de ADEOM Rocha.<\/p>\n\n\n\n<p>El anuncio del cierre por 48 horas es &nbsp;para precautelar la salud de funcionarios y contribuyentes y el palacete municipal ser\u00e1 desinfectado.<\/p>\n\n\n\n<p>El vice presidente de ADEOM Rocha ,aclar\u00f3 que la persona &nbsp;guarda relaci\u00f3n directa con el p\u00fablico y\/o contribuyente del municipio.El sindicalista espera que el alclade Calabuig&nbsp; ,cumpla y respete todos los protocolos vigentes.<\/p>\n\n\n\n<p>\u00abEn \u00faltimo lugar est\u00e1n los compa\u00f1eros.A esta administraci\u00f3n le importa recaudar y no la vida de los funcionarios \u00absentenci\u00f3.<\/p>\n\n\n\n<p>El funcionario positivo era inspector y estaba en contacto con el resto de los inspectores diariamente.<\/p>\n\n\n\n<p>Resta definir si el lunes abrir\u00e1 y se atender\u00e1 con personal reducido y desde la ventana.<\/p>\n","protected":false},"excerpt":{"rendered":"<p>Este viernes cerraron el Municipio del Chuy tras confirmarse un caso positivo de coronavirus. Se enviaron a los funcionarios a sus domicilios, se fumigar\u00e1 el municipio y se espera se respeten los protocolos correspondientes, inform\u00f3 Julio &nbsp;Pereyra dirigente sindical de ADEOM Rocha. El anuncio del cierre por 48 horas es &nbsp;para precautelar la salud de [&hellip;]<\/p>\n","protected":false},"author":1,"featured_media":1307,"comment_status":"open","ping_status":"open","sticky":false,"template":"","format":"standard","meta":{"footnotes":""},"categories":[3],"tags":[],"class_list":["post-1303","post","type-post","status-publish","format-standard","has-post-thumbnail","hentry","category-coronavirus"],"_links":{"self":[{"href":"http:\/\/www.adeomrocha.com.uy\/index.php?rest_route=\/wp\/v2\/posts\/1303","targetHints":{"allow":["GET"]}}],"collection":[{"href":"http:\/\/www.adeomrocha.com.uy\/index.php?rest_route=\/wp\/v2\/posts"}],"about":[{"href":"http:\/\/www.adeomrocha.com.uy\/index.php?rest_route=\/wp\/v2\/types\/post"}],"author":[{"embeddable":true,"href":"http:\/\/www.adeomrocha.com.uy\/index.php?rest_route=\/wp\/v2\/users\/1"}],"replies":[{"embeddable":true,"href":"http:\/\/www.adeomrocha.com.uy\/index.php?rest_route=%2Fwp%2Fv2%2Fcomments&post=1303"}],"version-history":[{"count":3,"href":"http:\/\/www.adeomrocha.com.uy\/index.php?rest_route=\/wp\/v2\/posts\/1303\/revisions"}],"predecessor-version":[{"id":1308,"href":"http:\/\/www.adeomrocha.com.uy\/index.php?rest_route=\/wp\/v2\/posts\/1303\/revisions\/1308"}],"wp:featuredmedia":[{"embeddable":true,"href":"http:\/\/www.adeomrocha.com.uy\/index.php?rest_route=\/wp\/v2\/media\/1307"}],"wp:attachment":[{"href":"http:\/\/www.adeomrocha.com.uy\/index.php?rest_route=%2Fwp%2Fv2%2Fmedia&parent=1303"}],"wp:term":[{"taxonomy":"category","embeddable":true,"href":"http:\/\/www.adeomrocha.com.uy\/index.php?rest_route=%2Fwp%2Fv2%2Fcategories&post=1303"},{"taxonomy":"post_tag","embeddable":true,"href":"http:\/\/www.adeomrocha.com.uy\/index.php?rest_route=%2Fwp%2Fv2%2Ftags&post=1303"}],"curies":[{"name":"wp","href":"https:\/\/api.w.org\/{rel}","templated":true}]}}